{"id":3127,"date":"2023-01-16T09:49:20","date_gmt":"2023-01-16T08:49:20","guid":{"rendered":"https:\/\/www.ulbrichts.com\/protection\/?p=3127"},"modified":"2023-01-16T10:02:33","modified_gmt":"2023-01-16T09:02:33","slug":"ulbrichts-protection-presenta-el-casco-sin-tornillos-optio-con-nivel-de-proteccion-superior-a-nij-iiia-en-la-feria-shot-show-2023","status":"publish","type":"post","link":"https:\/\/www.ulbrichts.com\/protection\/es\/ulbrichts-protection-presenta-el-casco-sin-tornillos-optio-con-nivel-de-proteccion-superior-a-nij-iiia-en-la-feria-shot-show-2023\/","title":{"rendered":"ULBRICHTS Protection presenta el casco sin tornillos OPTIO con nivel de protecci\u00f3n superior a NIJ IIIA en la feria Shot Show 2023"},"content":{"rendered":"<p><strong>Kaufing, 16 de enero de 2023 \u2014 ULBRICHTS<\/strong> Protection se unir\u00e1 a una incre\u00edble lista de m\u00e1s de 2000 expositores durante la SHOT Show\u00ae celebrada en el Venetian Expo y el Caesars Forum de Las Vegas para convertir la feria de este a\u00f1o en un GRAN ACONTECIMIENTO.<\/p>\n<p><img loading=\"lazy\" decoding=\"async\" class=\"size-full wp-image-3114 aligncenter\" src=\"https:\/\/www.ulbrichts.com\/protection\/wp-content\/uploads\/2023\/01\/ulbrichts-protection-news-optio-helmet.png\" alt=\"ulbrichts-protection-news-optio-helmet\" width=\"260\" height=\"260\" srcset=\"https:\/\/www.ulbrichts.com\/protection\/wp-content\/uploads\/2023\/01\/ulbrichts-protection-news-optio-helmet.png 260w, https:\/\/www.ulbrichts.com\/protection\/wp-content\/uploads\/2023\/01\/ulbrichts-protection-news-optio-helmet-150x150.png 150w\" sizes=\"auto, (max-width: 260px) 100vw, 260px\" \/><\/p>\n<p><strong>EL NUEVO CASCO OPTIO: SIN PERNOS Y MEJOR EQUILIBRIO con PROTECCI\u00d3N superior a NIJ IIIA<\/strong><br \/>\n<strong>ULBRICHTS<\/strong> Protection presentar\u00e1 su NUEVO CASCO OPTIO.<br \/>\nEste nuevo casco antibalas cuenta con protecci\u00f3n SIN TORNILLOS superior a NIJ IIIA con un mejor equilibrio en 3 cortes diferentes.<\/p>\n<p><img loading=\"lazy\" decoding=\"async\" class=\"size-full wp-image-3094 aligncenter\" src=\"https:\/\/www.ulbrichts.com\/protection\/wp-content\/uploads\/2023\/01\/ulbrichts-protection-news-optio.png\" alt=\"ulbrichts-protection-news-optio\" width=\"573\" height=\"232\" \/><\/p>\n<p>&nbsp;<\/p>\n<p><strong>Un chaleco antibalas protege el coraz\u00f3n, pero \u00bfpor qu\u00e9 no proteger el cerebro con un casco que \u00fanicamente pesa 1,2 kg?<\/strong><\/p>\n<p>La protecci\u00f3n com\u00fan de la cabeza de los soldados y de los agentes de polic\u00eda que utilizan el casco de nivel NIJ IIIA carece de protecci\u00f3n antibalas, ya que se centra en la detenci\u00f3n obligatoria de proyectiles de pistolas, pero no en la prevenci\u00f3n de traumatismos\/BFS\/BFD derivados de la deformaci\u00f3n letal de la cara posterior del casco, que puede provocar la muerte.<\/p>\n<p><img loading=\"lazy\" decoding=\"async\" class=\"size-full wp-image-3100 aligncenter\" src=\"https:\/\/www.ulbrichts.com\/protection\/wp-content\/uploads\/2023\/01\/ulbrichts-protection-news-optio-trauma.png\" alt=\"ulbrichts-protection-news-optio-trauma\" width=\"862\" height=\"856\" srcset=\"https:\/\/www.ulbrichts.com\/protection\/wp-content\/uploads\/2023\/01\/ulbrichts-protection-news-optio-trauma.png 862w, https:\/\/www.ulbrichts.com\/protection\/wp-content\/uploads\/2023\/01\/ulbrichts-protection-news-optio-trauma-150x150.png 150w, https:\/\/www.ulbrichts.com\/protection\/wp-content\/uploads\/2023\/01\/ulbrichts-protection-news-optio-trauma-768x763.png 768w, https:\/\/www.ulbrichts.com\/protection\/wp-content\/uploads\/2023\/01\/ulbrichts-protection-news-optio-trauma-640x636.png 640w\" sizes=\"auto, (max-width: 862px) 100vw, 862px\" \/><\/p>\n<p>Varias pruebas demostraron que la mayor\u00eda de los cascos de nivel NIJ IIIA que suelen utilizar los soldados y los agentes de polic\u00eda protegen eficazmente contra la metralla, pero no contra ninguna de las municiones m\u00e1s utilizadas en los conflictos armados actuales:<\/p>\n<p>La munici\u00f3n 9&#215;19 causa traumatismos mortales y la munici\u00f3n de fusil, como la 7.62x36mm MSC disparada por variantes Kalashnikov, la .223 disparada por variantes dM4A1 o la .308 disparada por fusiles de francotirador, incluso penetran completamente.<\/p>\n<p><strong>El ULBRICHTS OPTIO ofrece una protecci\u00f3n superior a NIJ IIIA a partir de 1,2 kg (2,63 lbs), mientras que los cascos militares est\u00e1ndar de nivel NIJ IIIA sufren una deformaci\u00f3n letal de la cara posterior cuando reciben un impacto de arma corta y se perforan cuando reciben un impacto de munici\u00f3n de fusil.<\/strong><\/p>\n<p>El nuevo material POLYTANIUM (una combinaci\u00f3n especial de polietileno y titanio) aumenta la eficacia, actualmente sin rival, de los cascos ULBRICHTS.<\/p>\n<p><img loading=\"lazy\" decoding=\"async\" class=\"size-medium wp-image-3105 aligncenter\" src=\"https:\/\/www.ulbrichts.com\/protection\/wp-content\/uploads\/2023\/01\/ulbrichts-protection-news-optio-facts-1024x307.png\" alt=\"ulbrichts-protection-news-optio-facts\" width=\"1024\" height=\"307\" srcset=\"https:\/\/www.ulbrichts.com\/protection\/wp-content\/uploads\/2023\/01\/ulbrichts-protection-news-optio-facts-1024x307.png 1024w, https:\/\/www.ulbrichts.com\/protection\/wp-content\/uploads\/2023\/01\/ulbrichts-protection-news-optio-facts-768x230.png 768w, https:\/\/www.ulbrichts.com\/protection\/wp-content\/uploads\/2023\/01\/ulbrichts-protection-news-optio-facts-1536x460.png 1536w, https:\/\/www.ulbrichts.com\/protection\/wp-content\/uploads\/2023\/01\/ulbrichts-protection-news-optio-facts-640x192.png 640w, https:\/\/www.ulbrichts.com\/protection\/wp-content\/uploads\/2023\/01\/ulbrichts-protection-news-optio-facts.png 1647w\" sizes=\"auto, (max-width: 1024px) 100vw, 1024px\" \/><\/p>\n<p>&nbsp;<\/p>\n<p><strong>La respuesta a las amenazas de fusil: pantalla frontal ULBRICHTS FORTIS, MEJORA PARA FUSILES<\/strong><\/p>\n<p><img loading=\"lazy\" decoding=\"async\" class=\"size-full wp-image-3109 aligncenter\" src=\"https:\/\/www.ulbrichts.com\/protection\/wp-content\/uploads\/2023\/01\/ulbrichts-protection-news-optio-rifle-upgrade.png\" alt=\"ulbrichts-protection-news-optio-rifle-upgrade\" width=\"775\" height=\"774\" srcset=\"https:\/\/www.ulbrichts.com\/protection\/wp-content\/uploads\/2023\/01\/ulbrichts-protection-news-optio-rifle-upgrade.png 775w, https:\/\/www.ulbrichts.com\/protection\/wp-content\/uploads\/2023\/01\/ulbrichts-protection-news-optio-rifle-upgrade-150x150.png 150w, https:\/\/www.ulbrichts.com\/protection\/wp-content\/uploads\/2023\/01\/ulbrichts-protection-news-optio-rifle-upgrade-768x767.png 768w, https:\/\/www.ulbrichts.com\/protection\/wp-content\/uploads\/2023\/01\/ulbrichts-protection-news-optio-rifle-upgrade-640x640.png 640w\" sizes=\"auto, (max-width: 775px) 100vw, 775px\" \/><\/p>\n<p>La pantalla frontal <strong>FORTIS<\/strong> de <strong>ULBRICHTS<\/strong> Protection incorpora un m\u00f3dulo adicional que puede utilizarse para ampliar el <strong>OPTIO<\/strong> con protecci\u00f3n para rifles.<\/p>\n<p>Esto representa el nivel de protecci\u00f3n VPAM 6 (VPAM 6 = n\u00facleo de acero Kalashnikov 7,62 mm x 39, an\u00e1logo a la directriz europea HVN 2009, valores de energ\u00eda residual inferiores a 25 julios). El m\u00f3dulo adicional solo pesa 490 gramos (1,08 lbs) y puede reducir de forma fiable la enorme potencia de un fusil de asalto Kalashnikov de m\u00e1s de 2000 julios y una velocidad de proyectil de unos 720 m\/s (2362 pies\/s) a un valor muy por debajo de 25 julios, mientras que tambi\u00e9n detiene el calibre OTAN 7,62&#215;52 mm (.308\/M80\/NIJ III).<\/p>\n<p>Debido a la enorme potencia de los Kalashnikov y otros fusiles, las fuerzas policiales han carecido de una protecci\u00f3n eficaz y <strong>aut\u00e9ntica<\/strong> para la cabeza.<\/p>\n<p><strong>Acerca de ULBRICHTS Protection<\/strong><br \/>\n<strong>ULBRICHTS<\/strong> Protection es una empresa l\u00edder en el campo de la protecci\u00f3n antibalas para la cabeza y establece nuevos est\u00e1ndares t\u00e9cnicos en t\u00e9rminos de protecci\u00f3n, comodidad y dise\u00f1o. Para obtener m\u00e1s informaci\u00f3n, consulte <a href=\"http:\/\/www.ulbrichts.com\/protection\">http:\/\/www.ulbrichts.com\/protection<\/a>.<\/p>\n<p>Contacto:<br \/>\nThomas Poandl (vicepresidente del departamento de marketing y comunicaci\u00f3n)<br \/>\nTel.: +43 664 88103498<br \/>\nthomas.poandl@ulbrichts.com<br \/>\nULBRICHTS GmbH<br \/>\nA-4690 Schwanenstadt, Kaufing 34<\/p>\n","protected":false},"excerpt":{"rendered":"<p>ULBRICHTS Protection se unir\u00e1 a una incre\u00edble lista de m\u00e1s de 2000 expositores durante la SHOT Show\u00ae celebrada en el Venetian Expo y el Caesars Forum de Las Vegas para convertir la feria de este a\u00f1o en un GRAN ACONTECIMIENTO.<\/p>\n","protected":false},"author":1,"featured_media":3123,"comment_status":"closed","ping_status":"closed","sticky":false,"template":"","format":"standard","meta":{"_acf_changed":false,"footnotes":""},"categories":[37],"tags":[],"ctx_categories":[],"class_list":["post-3127","post","type-post","status-publish","format-standard","has-post-thumbnail","hentry","category-presse-es"],"acf":[],"yoast_head":"<!-- This site is optimized with the Yoast SEO plugin v27.4 - https:\/\/yoast.com\/product\/yoast-seo-wordpress\/ -->\n<title>ULBRICHTS Protection presenta el casco sin tornillos OPTIO con nivel de protecci\u00f3n superior a NIJ IIIA en la feria Shot Show 2023 - Ulbrichts Protection<\/title>\n<meta name=\"robots\" content=\"index, follow, max-snippet:-1, max-image-preview:large, max-video-preview:-1\" \/>\n<link rel=\"canonical\" href=\"https:\/\/www.ulbrichts.com\/protection\/es\/ulbrichts-protection-presenta-el-casco-sin-tornillos-optio-con-nivel-de-proteccion-superior-a-nij-iiia-en-la-feria-shot-show-2023\/\" \/>\n<meta property=\"og:locale\" content=\"es_ES\" \/>\n<meta property=\"og:type\" content=\"article\" \/>\n<meta property=\"og:title\" content=\"ULBRICHTS Protection presenta el casco sin tornillos OPTIO con nivel de protecci\u00f3n superior a NIJ IIIA en la feria Shot Show 2023 - Ulbrichts Protection\" \/>\n<meta property=\"og:description\" content=\"ULBRICHTS Protection se unir\u00e1 a una incre\u00edble lista de m\u00e1s de 2000 expositores durante la SHOT Show\u00ae celebrada en el Venetian Expo y el Caesars Forum de Las Vegas para convertir la feria de este a\u00f1o en un GRAN ACONTECIMIENTO.\" \/>\n<meta property=\"og:url\" content=\"https:\/\/www.ulbrichts.com\/protection\/es\/ulbrichts-protection-presenta-el-casco-sin-tornillos-optio-con-nivel-de-proteccion-superior-a-nij-iiia-en-la-feria-shot-show-2023\/\" \/>\n<meta property=\"og:site_name\" content=\"Ulbrichts Protection\" \/>\n<meta property=\"article:publisher\" content=\"https:\/\/www.facebook.com\/ulbrichtsgmbh\/\" \/>\n<meta property=\"article:published_time\" content=\"2023-01-16T08:49:20+00:00\" \/>\n<meta property=\"article:modified_time\" content=\"2023-01-16T09:02:33+00:00\" \/>\n<meta property=\"og:image\" content=\"https:\/\/www.ulbrichts.com\/protection\/wp-content\/uploads\/2023\/01\/ulbrichts-protection-news-optio-header.png\" \/>\n\t<meta property=\"og:image:width\" content=\"817\" \/>\n\t<meta property=\"og:image:height\" content=\"245\" \/>\n\t<meta property=\"og:image:type\" content=\"image\/png\" \/>\n<meta name=\"author\" content=\"typo\" \/>\n<meta name=\"twitter:card\" content=\"summary_large_image\" \/>\n<meta name=\"twitter:creator\" content=\"@ulbrichtsgmbh\" \/>\n<meta name=\"twitter:site\" content=\"@ulbrichtsgmbh\" \/>\n<meta name=\"twitter:label1\" content=\"Escrito por\" \/>\n\t<meta name=\"twitter:data1\" content=\"typo\" \/>\n\t<meta name=\"twitter:label2\" content=\"Tiempo de lectura\" \/>\n\t<meta name=\"twitter:data2\" content=\"4 minutos\" \/>\n<script type=\"application\/ld+json\" class=\"yoast-schema-graph\">{\"@context\":\"https:\\\/\\\/schema.org\",\"@graph\":[{\"@type\":\"Article\",\"@id\":\"https:\\\/\\\/www.ulbrichts.com\\\/protection\\\/es\\\/ulbrichts-protection-presenta-el-casco-sin-tornillos-optio-con-nivel-de-proteccion-superior-a-nij-iiia-en-la-feria-shot-show-2023\\\/#article\",\"isPartOf\":{\"@id\":\"https:\\\/\\\/www.ulbrichts.com\\\/protection\\\/es\\\/ulbrichts-protection-presenta-el-casco-sin-tornillos-optio-con-nivel-de-proteccion-superior-a-nij-iiia-en-la-feria-shot-show-2023\\\/\"},\"author\":{\"name\":\"typo\",\"@id\":\"https:\\\/\\\/www.ulbrichts.com\\\/protection\\\/es\\\/#\\\/schema\\\/person\\\/f554e34bf8350f1f7d665fd0040ce222\"},\"headline\":\"ULBRICHTS Protection presenta el casco sin tornillos OPTIO con nivel de protecci\u00f3n superior a NIJ IIIA en la feria Shot Show 2023\",\"datePublished\":\"2023-01-16T08:49:20+00:00\",\"dateModified\":\"2023-01-16T09:02:33+00:00\",\"mainEntityOfPage\":{\"@id\":\"https:\\\/\\\/www.ulbrichts.com\\\/protection\\\/es\\\/ulbrichts-protection-presenta-el-casco-sin-tornillos-optio-con-nivel-de-proteccion-superior-a-nij-iiia-en-la-feria-shot-show-2023\\\/\"},\"wordCount\":594,\"publisher\":{\"@id\":\"https:\\\/\\\/www.ulbrichts.com\\\/protection\\\/es\\\/#organization\"},\"image\":{\"@id\":\"https:\\\/\\\/www.ulbrichts.com\\\/protection\\\/es\\\/ulbrichts-protection-presenta-el-casco-sin-tornillos-optio-con-nivel-de-proteccion-superior-a-nij-iiia-en-la-feria-shot-show-2023\\\/#primaryimage\"},\"thumbnailUrl\":\"https:\\\/\\\/www.ulbrichts.com\\\/protection\\\/wp-content\\\/uploads\\\/2023\\\/01\\\/ulbrichts-protection-news-optio-header.png\",\"articleSection\":[\"Prensa\"],\"inLanguage\":\"es\"},{\"@type\":\"WebPage\",\"@id\":\"https:\\\/\\\/www.ulbrichts.com\\\/protection\\\/es\\\/ulbrichts-protection-presenta-el-casco-sin-tornillos-optio-con-nivel-de-proteccion-superior-a-nij-iiia-en-la-feria-shot-show-2023\\\/\",\"url\":\"https:\\\/\\\/www.ulbrichts.com\\\/protection\\\/es\\\/ulbrichts-protection-presenta-el-casco-sin-tornillos-optio-con-nivel-de-proteccion-superior-a-nij-iiia-en-la-feria-shot-show-2023\\\/\",\"name\":\"ULBRICHTS Protection presenta el casco sin tornillos OPTIO con nivel de protecci\u00f3n superior a NIJ IIIA en la feria Shot Show 2023 - Ulbrichts Protection\",\"isPartOf\":{\"@id\":\"https:\\\/\\\/www.ulbrichts.com\\\/protection\\\/es\\\/#website\"},\"primaryImageOfPage\":{\"@id\":\"https:\\\/\\\/www.ulbrichts.com\\\/protection\\\/es\\\/ulbrichts-protection-presenta-el-casco-sin-tornillos-optio-con-nivel-de-proteccion-superior-a-nij-iiia-en-la-feria-shot-show-2023\\\/#primaryimage\"},\"image\":{\"@id\":\"https:\\\/\\\/www.ulbrichts.com\\\/protection\\\/es\\\/ulbrichts-protection-presenta-el-casco-sin-tornillos-optio-con-nivel-de-proteccion-superior-a-nij-iiia-en-la-feria-shot-show-2023\\\/#primaryimage\"},\"thumbnailUrl\":\"https:\\\/\\\/www.ulbrichts.com\\\/protection\\\/wp-content\\\/uploads\\\/2023\\\/01\\\/ulbrichts-protection-news-optio-header.png\",\"datePublished\":\"2023-01-16T08:49:20+00:00\",\"dateModified\":\"2023-01-16T09:02:33+00:00\",\"breadcrumb\":{\"@id\":\"https:\\\/\\\/www.ulbrichts.com\\\/protection\\\/es\\\/ulbrichts-protection-presenta-el-casco-sin-tornillos-optio-con-nivel-de-proteccion-superior-a-nij-iiia-en-la-feria-shot-show-2023\\\/#breadcrumb\"},\"inLanguage\":\"es\",\"potentialAction\":[{\"@type\":\"ReadAction\",\"target\":[\"https:\\\/\\\/www.ulbrichts.com\\\/protection\\\/es\\\/ulbrichts-protection-presenta-el-casco-sin-tornillos-optio-con-nivel-de-proteccion-superior-a-nij-iiia-en-la-feria-shot-show-2023\\\/\"]}]},{\"@type\":\"ImageObject\",\"inLanguage\":\"es\",\"@id\":\"https:\\\/\\\/www.ulbrichts.com\\\/protection\\\/es\\\/ulbrichts-protection-presenta-el-casco-sin-tornillos-optio-con-nivel-de-proteccion-superior-a-nij-iiia-en-la-feria-shot-show-2023\\\/#primaryimage\",\"url\":\"https:\\\/\\\/www.ulbrichts.com\\\/protection\\\/wp-content\\\/uploads\\\/2023\\\/01\\\/ulbrichts-protection-news-optio-header.png\",\"contentUrl\":\"https:\\\/\\\/www.ulbrichts.com\\\/protection\\\/wp-content\\\/uploads\\\/2023\\\/01\\\/ulbrichts-protection-news-optio-header.png\",\"width\":817,\"height\":245},{\"@type\":\"BreadcrumbList\",\"@id\":\"https:\\\/\\\/www.ulbrichts.com\\\/protection\\\/es\\\/ulbrichts-protection-presenta-el-casco-sin-tornillos-optio-con-nivel-de-proteccion-superior-a-nij-iiia-en-la-feria-shot-show-2023\\\/#breadcrumb\",\"itemListElement\":[{\"@type\":\"ListItem\",\"position\":1,\"name\":\"Startseite\",\"item\":\"https:\\\/\\\/www.ulbrichts.com\\\/protection\\\/es\\\/\"},{\"@type\":\"ListItem\",\"position\":2,\"name\":\"ULBRICHTS Protection presenta el casco sin tornillos OPTIO con nivel de protecci\u00f3n superior a NIJ IIIA en la feria Shot Show 2023\"}]},{\"@type\":\"WebSite\",\"@id\":\"https:\\\/\\\/www.ulbrichts.com\\\/protection\\\/es\\\/#website\",\"url\":\"https:\\\/\\\/www.ulbrichts.com\\\/protection\\\/es\\\/\",\"name\":\"Ulbrichts Protection\",\"description\":\"\",\"publisher\":{\"@id\":\"https:\\\/\\\/www.ulbrichts.com\\\/protection\\\/es\\\/#organization\"},\"potentialAction\":[{\"@type\":\"SearchAction\",\"target\":{\"@type\":\"EntryPoint\",\"urlTemplate\":\"https:\\\/\\\/www.ulbrichts.com\\\/protection\\\/es\\\/?s={search_term_string}\"},\"query-input\":{\"@type\":\"PropertyValueSpecification\",\"valueRequired\":true,\"valueName\":\"search_term_string\"}}],\"inLanguage\":\"es\"},{\"@type\":\"Organization\",\"@id\":\"https:\\\/\\\/www.ulbrichts.com\\\/protection\\\/es\\\/#organization\",\"name\":\"ULBRICHTS GmbH\",\"url\":\"https:\\\/\\\/www.ulbrichts.com\\\/protection\\\/es\\\/\",\"logo\":{\"@type\":\"ImageObject\",\"inLanguage\":\"es\",\"@id\":\"https:\\\/\\\/www.ulbrichts.com\\\/protection\\\/es\\\/#\\\/schema\\\/logo\\\/image\\\/\",\"url\":\"https:\\\/\\\/www.ulbrichts.com\\\/protection\\\/wp-content\\\/uploads\\\/2022\\\/12\\\/ULB_Logo_Protection_Web_RGB_1118.png\",\"contentUrl\":\"https:\\\/\\\/www.ulbrichts.com\\\/protection\\\/wp-content\\\/uploads\\\/2022\\\/12\\\/ULB_Logo_Protection_Web_RGB_1118.png\",\"width\":500,\"height\":83,\"caption\":\"ULBRICHTS GmbH\"},\"image\":{\"@id\":\"https:\\\/\\\/www.ulbrichts.com\\\/protection\\\/es\\\/#\\\/schema\\\/logo\\\/image\\\/\"},\"sameAs\":[\"https:\\\/\\\/www.facebook.com\\\/ulbrichtsgmbh\\\/\",\"https:\\\/\\\/x.com\\\/ulbrichtsgmbh\",\"https:\\\/\\\/www.instagram.com\\\/ulbrichtsgmbh\\\/\"]},{\"@type\":\"Person\",\"@id\":\"https:\\\/\\\/www.ulbrichts.com\\\/protection\\\/es\\\/#\\\/schema\\\/person\\\/f554e34bf8350f1f7d665fd0040ce222\",\"name\":\"typo\",\"sameAs\":[\"https:\\\/\\\/www.ulbrichts.com\\\/protection\"]}]}<\/script>\n<!-- \/ Yoast SEO plugin. -->","yoast_head_json":{"title":"ULBRICHTS Protection presenta el casco sin tornillos OPTIO con nivel de protecci\u00f3n superior a NIJ IIIA en la feria Shot Show 2023 - Ulbrichts Protection","robots":{"index":"index","follow":"follow","max-snippet":"max-snippet:-1","max-image-preview":"max-image-preview:large","max-video-preview":"max-video-preview:-1"},"canonical":"https:\/\/www.ulbrichts.com\/protection\/es\/ulbrichts-protection-presenta-el-casco-sin-tornillos-optio-con-nivel-de-proteccion-superior-a-nij-iiia-en-la-feria-shot-show-2023\/","og_locale":"es_ES","og_type":"article","og_title":"ULBRICHTS Protection presenta el casco sin tornillos OPTIO con nivel de protecci\u00f3n superior a NIJ IIIA en la feria Shot Show 2023 - Ulbrichts Protection","og_description":"ULBRICHTS Protection se unir\u00e1 a una incre\u00edble lista de m\u00e1s de 2000 expositores durante la SHOT Show\u00ae celebrada en el Venetian Expo y el Caesars Forum de Las Vegas para convertir la feria de este a\u00f1o en un GRAN ACONTECIMIENTO.","og_url":"https:\/\/www.ulbrichts.com\/protection\/es\/ulbrichts-protection-presenta-el-casco-sin-tornillos-optio-con-nivel-de-proteccion-superior-a-nij-iiia-en-la-feria-shot-show-2023\/","og_site_name":"Ulbrichts Protection","article_publisher":"https:\/\/www.facebook.com\/ulbrichtsgmbh\/","article_published_time":"2023-01-16T08:49:20+00:00","article_modified_time":"2023-01-16T09:02:33+00:00","og_image":[{"width":817,"height":245,"url":"https:\/\/www.ulbrichts.com\/protection\/wp-content\/uploads\/2023\/01\/ulbrichts-protection-news-optio-header.png","type":"image\/png"}],"author":"typo","twitter_card":"summary_large_image","twitter_creator":"@ulbrichtsgmbh","twitter_site":"@ulbrichtsgmbh","twitter_misc":{"Escrito por":"typo","Tiempo de lectura":"4 minutos"},"schema":{"@context":"https:\/\/schema.org","@graph":[{"@type":"Article","@id":"https:\/\/www.ulbrichts.com\/protection\/es\/ulbrichts-protection-presenta-el-casco-sin-tornillos-optio-con-nivel-de-proteccion-superior-a-nij-iiia-en-la-feria-shot-show-2023\/#article","isPartOf":{"@id":"https:\/\/www.ulbrichts.com\/protection\/es\/ulbrichts-protection-presenta-el-casco-sin-tornillos-optio-con-nivel-de-proteccion-superior-a-nij-iiia-en-la-feria-shot-show-2023\/"},"author":{"name":"typo","@id":"https:\/\/www.ulbrichts.com\/protection\/es\/#\/schema\/person\/f554e34bf8350f1f7d665fd0040ce222"},"headline":"ULBRICHTS Protection presenta el casco sin tornillos OPTIO con nivel de protecci\u00f3n superior a NIJ IIIA en la feria Shot Show 2023","datePublished":"2023-01-16T08:49:20+00:00","dateModified":"2023-01-16T09:02:33+00:00","mainEntityOfPage":{"@id":"https:\/\/www.ulbrichts.com\/protection\/es\/ulbrichts-protection-presenta-el-casco-sin-tornillos-optio-con-nivel-de-proteccion-superior-a-nij-iiia-en-la-feria-shot-show-2023\/"},"wordCount":594,"publisher":{"@id":"https:\/\/www.ulbrichts.com\/protection\/es\/#organization"},"image":{"@id":"https:\/\/www.ulbrichts.com\/protection\/es\/ulbrichts-protection-presenta-el-casco-sin-tornillos-optio-con-nivel-de-proteccion-superior-a-nij-iiia-en-la-feria-shot-show-2023\/#primaryimage"},"thumbnailUrl":"https:\/\/www.ulbrichts.com\/protection\/wp-content\/uploads\/2023\/01\/ulbrichts-protection-news-optio-header.png","articleSection":["Prensa"],"inLanguage":"es"},{"@type":"WebPage","@id":"https:\/\/www.ulbrichts.com\/protection\/es\/ulbrichts-protection-presenta-el-casco-sin-tornillos-optio-con-nivel-de-proteccion-superior-a-nij-iiia-en-la-feria-shot-show-2023\/","url":"https:\/\/www.ulbrichts.com\/protection\/es\/ulbrichts-protection-presenta-el-casco-sin-tornillos-optio-con-nivel-de-proteccion-superior-a-nij-iiia-en-la-feria-shot-show-2023\/","name":"ULBRICHTS Protection presenta el casco sin tornillos OPTIO con nivel de protecci\u00f3n superior a NIJ IIIA en la feria Shot Show 2023 - Ulbrichts Protection","isPartOf":{"@id":"https:\/\/www.ulbrichts.com\/protection\/es\/#website"},"primaryImageOfPage":{"@id":"https:\/\/www.ulbrichts.com\/protection\/es\/ulbrichts-protection-presenta-el-casco-sin-tornillos-optio-con-nivel-de-proteccion-superior-a-nij-iiia-en-la-feria-shot-show-2023\/#primaryimage"},"image":{"@id":"https:\/\/www.ulbrichts.com\/protection\/es\/ulbrichts-protection-presenta-el-casco-sin-tornillos-optio-con-nivel-de-proteccion-superior-a-nij-iiia-en-la-feria-shot-show-2023\/#primaryimage"},"thumbnailUrl":"https:\/\/www.ulbrichts.com\/protection\/wp-content\/uploads\/2023\/01\/ulbrichts-protection-news-optio-header.png","datePublished":"2023-01-16T08:49:20+00:00","dateModified":"2023-01-16T09:02:33+00:00","breadcrumb":{"@id":"https:\/\/www.ulbrichts.com\/protection\/es\/ulbrichts-protection-presenta-el-casco-sin-tornillos-optio-con-nivel-de-proteccion-superior-a-nij-iiia-en-la-feria-shot-show-2023\/#breadcrumb"},"inLanguage":"es","potentialAction":[{"@type":"ReadAction","target":["https:\/\/www.ulbrichts.com\/protection\/es\/ulbrichts-protection-presenta-el-casco-sin-tornillos-optio-con-nivel-de-proteccion-superior-a-nij-iiia-en-la-feria-shot-show-2023\/"]}]},{"@type":"ImageObject","inLanguage":"es","@id":"https:\/\/www.ulbrichts.com\/protection\/es\/ulbrichts-protection-presenta-el-casco-sin-tornillos-optio-con-nivel-de-proteccion-superior-a-nij-iiia-en-la-feria-shot-show-2023\/#primaryimage","url":"https:\/\/www.ulbrichts.com\/protection\/wp-content\/uploads\/2023\/01\/ulbrichts-protection-news-optio-header.png","contentUrl":"https:\/\/www.ulbrichts.com\/protection\/wp-content\/uploads\/2023\/01\/ulbrichts-protection-news-optio-header.png","width":817,"height":245},{"@type":"BreadcrumbList","@id":"https:\/\/www.ulbrichts.com\/protection\/es\/ulbrichts-protection-presenta-el-casco-sin-tornillos-optio-con-nivel-de-proteccion-superior-a-nij-iiia-en-la-feria-shot-show-2023\/#breadcrumb","itemListElement":[{"@type":"ListItem","position":1,"name":"Startseite","item":"https:\/\/www.ulbrichts.com\/protection\/es\/"},{"@type":"ListItem","position":2,"name":"ULBRICHTS Protection presenta el casco sin tornillos OPTIO con nivel de protecci\u00f3n superior a NIJ IIIA en la feria Shot Show 2023"}]},{"@type":"WebSite","@id":"https:\/\/www.ulbrichts.com\/protection\/es\/#website","url":"https:\/\/www.ulbrichts.com\/protection\/es\/","name":"Ulbrichts Protection","description":"","publisher":{"@id":"https:\/\/www.ulbrichts.com\/protection\/es\/#organization"},"potentialAction":[{"@type":"SearchAction","target":{"@type":"EntryPoint","urlTemplate":"https:\/\/www.ulbrichts.com\/protection\/es\/?s={search_term_string}"},"query-input":{"@type":"PropertyValueSpecification","valueRequired":true,"valueName":"search_term_string"}}],"inLanguage":"es"},{"@type":"Organization","@id":"https:\/\/www.ulbrichts.com\/protection\/es\/#organization","name":"ULBRICHTS GmbH","url":"https:\/\/www.ulbrichts.com\/protection\/es\/","logo":{"@type":"ImageObject","inLanguage":"es","@id":"https:\/\/www.ulbrichts.com\/protection\/es\/#\/schema\/logo\/image\/","url":"https:\/\/www.ulbrichts.com\/protection\/wp-content\/uploads\/2022\/12\/ULB_Logo_Protection_Web_RGB_1118.png","contentUrl":"https:\/\/www.ulbrichts.com\/protection\/wp-content\/uploads\/2022\/12\/ULB_Logo_Protection_Web_RGB_1118.png","width":500,"height":83,"caption":"ULBRICHTS GmbH"},"image":{"@id":"https:\/\/www.ulbrichts.com\/protection\/es\/#\/schema\/logo\/image\/"},"sameAs":["https:\/\/www.facebook.com\/ulbrichtsgmbh\/","https:\/\/x.com\/ulbrichtsgmbh","https:\/\/www.instagram.com\/ulbrichtsgmbh\/"]},{"@type":"Person","@id":"https:\/\/www.ulbrichts.com\/protection\/es\/#\/schema\/person\/f554e34bf8350f1f7d665fd0040ce222","name":"typo","sameAs":["https:\/\/www.ulbrichts.com\/protection"]}]}},"_links":{"self":[{"href":"https:\/\/www.ulbrichts.com\/protection\/es\/wp-json\/wp\/v2\/posts\/3127","targetHints":{"allow":["GET"]}}],"collection":[{"href":"https:\/\/www.ulbrichts.com\/protection\/es\/wp-json\/wp\/v2\/posts"}],"about":[{"href":"https:\/\/www.ulbrichts.com\/protection\/es\/wp-json\/wp\/v2\/types\/post"}],"author":[{"embeddable":true,"href":"https:\/\/www.ulbrichts.com\/protection\/es\/wp-json\/wp\/v2\/users\/1"}],"replies":[{"embeddable":true,"href":"https:\/\/www.ulbrichts.com\/protection\/es\/wp-json\/wp\/v2\/comments?post=3127"}],"version-history":[{"count":5,"href":"https:\/\/www.ulbrichts.com\/protection\/es\/wp-json\/wp\/v2\/posts\/3127\/revisions"}],"predecessor-version":[{"id":3140,"href":"https:\/\/www.ulbrichts.com\/protection\/es\/wp-json\/wp\/v2\/posts\/3127\/revisions\/3140"}],"wp:featuredmedia":[{"embeddable":true,"href":"https:\/\/www.ulbrichts.com\/protection\/es\/wp-json\/wp\/v2\/media\/3123"}],"wp:attachment":[{"href":"https:\/\/www.ulbrichts.com\/protection\/es\/wp-json\/wp\/v2\/media?parent=3127"}],"wp:term":[{"taxonomy":"category","embeddable":true,"href":"https:\/\/www.ulbrichts.com\/protection\/es\/wp-json\/wp\/v2\/categories?post=3127"},{"taxonomy":"post_tag","embeddable":true,"href":"https:\/\/www.ulbrichts.com\/protection\/es\/wp-json\/wp\/v2\/tags?post=3127"},{"taxonomy":"ctx_categories","embeddable":true,"href":"https:\/\/www.ulbrichts.com\/protection\/es\/wp-json\/wp\/v2\/ctx_categories?post=3127"}],"curies":[{"name":"wp","href":"https:\/\/api.w.org\/{rel}","templated":true}]}}